{"id":626,"date":"2025-01-18T21:49:46","date_gmt":"2025-01-18T21:49:46","guid":{"rendered":"https:\/\/appsminds.com\/?p=626"},"modified":"2026-03-31T02:56:45","modified_gmt":"2026-03-31T02:56:45","slug":"hajvagas-es-szin-szimulatorok","status":"publish","type":"post","link":"https:\/\/appsminds.com\/hu\/simuladores-de-cortes-e-cores-de-cabelo\/","title":{"rendered":"Hajv\u00e1g\u00e1s \u00e9s sz\u00edn szimul\u00e1torok"},"content":{"rendered":"<h3 class=\"wp-block-heading\">Alkalmaz\u00e1sok a hajv\u00e1g\u00e1sok \u00e9s -sz\u00ednek tesztel\u00e9s\u00e9re<\/h3>\n\n\n\n<p>A megjelen\u00e9s megv\u00e1ltoztat\u00e1sa mindig izgalmas d\u00f6nt\u00e9s, de kih\u00edv\u00e1st is jelenthet. Sok embernek k\u00e9rd\u00e9se van azzal kapcsolatban, hogyan fog kin\u00e9zni egy \u00faj szab\u00e1s vagy sz\u00edn, miel\u0151tt elk\u00f6telezik magukat a v\u00e1ltoztat\u00e1s mellett. Szerencs\u00e9re vannak <strong>legjobb alkalmaz\u00e1sok a hajv\u00e1g\u00e1s kipr\u00f3b\u00e1l\u00e1s\u00e1hoz<\/strong> amelyek seg\u00edtenek elk\u00e9pzelni, hogyan n\u00e9zne ki az eredm\u00e9ny k\u00f6zvetlen\u00fcl a mobiltelefonj\u00e1n.<\/p>\n\n\n\n<p>Azok <strong>Hajv\u00e1g\u00e1s \u00e9s sz\u00edn szimul\u00e1torok<\/strong> haszn\u00e1ljon fejlett technol\u00f3gi\u00e1t, p\u00e9ld\u00e1ul a kiterjesztett val\u00f3s\u00e1got, hogy interakt\u00edv \u00e9lm\u00e9nyt ny\u00fajtson. Tov\u00e1bb\u00e1 a <strong>ingyenes alkalmaz\u00e1sok a frizur\u00e1k kipr\u00f3b\u00e1l\u00e1s\u00e1hoz<\/strong> k\u00f6nnyen haszn\u00e1lhat\u00f3ak, \u00e9s k\u00e9nyelmes m\u00f3dot k\u00edn\u00e1lnak a k\u00fcl\u00f6nb\u00f6z\u0151 st\u00edlusok \u00e9s sz\u00ednek felfedez\u00e9s\u00e9re, miel\u0151tt b\u00e1rmilyen v\u00e9gs\u0151 d\u00f6nt\u00e9st hozn\u00e1nak. Fedezze fel a k\u00f6vetkez\u0151ket <strong>alkalmaz\u00e1sok a haj megjelen\u00e9s\u00e9nek megv\u00e1ltoztat\u00e1s\u00e1hoz<\/strong> legn\u00e9pszer\u0171bb, \u00e9s megtudja, melyik a legjobb az \u00d6n sz\u00e1m\u00e1ra.<\/p>\n\n\n\n<hr class=\"wp-block-separator has-alpha-channel-opacity\"\/>\n\n\n\n<h2 class=\"wp-block-heading\">Mi\u00e9rt \u00e9rdemes alkalmaz\u00e1sokat haszn\u00e1lni a hajv\u00e1g\u00e1sok \u00e9s sz\u00ednek tesztel\u00e9s\u00e9re?<\/h2>\n\n\n\n<p>Te <strong>alkalmaz\u00e1sok a hajsz\u00ednek szimul\u00e1l\u00e1s\u00e1ra<\/strong> Praktikus \u00e9s sz\u00f3rakoztat\u00f3 eszk\u00f6z\u00f6k azok sz\u00e1m\u00e1ra, akik kock\u00e1zat n\u00e9lk\u00fcl szeretn\u00e9nek k\u00eds\u00e9rletezni megjelen\u00e9s\u00fck megv\u00e1ltoztat\u00e1s\u00e1val. Ezekkel az alkalmaz\u00e1sokkal k\u00fcl\u00f6nf\u00e9le st\u00edlusokat pr\u00f3b\u00e1lhat ki, \u00e9s megtal\u00e1lhatja az arcform\u00e1j\u00e1hoz \u00e9s b\u0151rt\u00f3nus\u00e1hoz legink\u00e1bb ill\u0151t. Ez cs\u00f6kkenti a megb\u00e1n\u00e1s es\u00e9ly\u00e9t, \u00e9s seg\u00edt \u00f6nbizalommal megtervezni a l\u00e9p\u00e9s\u00e9t.<\/p>\n\n\n\n<p>Tov\u00e1bb\u00e1 sok <strong>Alkalmaz\u00e1sok a frizura megv\u00e1ltoztat\u00e1s\u00e1hoz<\/strong> tov\u00e1bbi funkci\u00f3kat k\u00edn\u00e1l, p\u00e9ld\u00e1ul frizurajavaslatokat adott esem\u00e9nyekhez vagy haj\u00e1pol\u00e1si tippeket. Ak\u00e1r egy teljes \u00e1talakul\u00e1s, ak\u00e1r csak valami \u00faj kipr\u00f3b\u00e1l\u00e1sa \u00e9rdek\u00e9ben, ezek az alkalmaz\u00e1sok n\u00e9lk\u00fcl\u00f6zhetetlenek mindenki sz\u00e1m\u00e1ra, aki otthonr\u00f3l val\u00f3 t\u00e1voz\u00e1s n\u00e9lk\u00fcl szeretn\u00e9 felfedezni a lehet\u0151s\u00e9geket.<\/p>\n\n\n\n<hr class=\"wp-block-separator has-alpha-channel-opacity\"\/>\n\n\n\n<h3 class=\"wp-block-heading\">Hair Zapp<\/h3>\n\n\n\n<p>A <strong>Hair Zapp<\/strong> az egyik <strong>legjobb alkalmaz\u00e1sok a hajv\u00e1g\u00e1s kipr\u00f3b\u00e1l\u00e1s\u00e1hoz<\/strong>egyszer\u0171 \u00e9s hat\u00e9kony \u00e9lm\u00e9nyt k\u00edn\u00e1l. Lehet\u0151v\u00e9 teszi a f\u00e9nyk\u00e9p felt\u00f6lt\u00e9s\u00e9t \u00e9s a k\u00fcl\u00f6nb\u00f6z\u0151 v\u00e1g\u00e1si st\u00edlusok kipr\u00f3b\u00e1l\u00e1s\u00e1t a hossz \u00e9s a forma be\u00e1ll\u00edt\u00e1s\u00e1val.<\/p>\n\n\n\n<p>Tov\u00e1bb\u00e1 a <strong>Hair Zapp<\/strong> interakt\u00edv k\u00f6z\u00f6ss\u00e9ggel rendelkezik, ahol a felhaszn\u00e1l\u00f3k megoszthatj\u00e1k f\u00e9nyk\u00e9peiket \u00e9s visszajelz\u00e9st kaphatnak. Ez a funkci\u00f3 ide\u00e1liss\u00e1 teszi az alkalmaz\u00e1st azok sz\u00e1m\u00e1ra, akik inspir\u00e1ci\u00f3t keresnek, miel\u0151tt felkeresik a fodr\u00e1szat.<\/p>\n\n\n\n<hr class=\"wp-block-separator has-alpha-channel-opacity\"\/>\n\n\n\n<h3 class=\"wp-block-heading\">YouCam smink<\/h3>\n\n\n\n<p>A <strong>YouCam smink<\/strong> az egyik <strong>kiterjesztett val\u00f3s\u00e1g haj szimul\u00e1torok<\/strong> fejlettebb. Nemcsak a sz\u00ednek \u00e9s szab\u00e1sok tesztel\u00e9s\u00e9t teszi lehet\u0151v\u00e9, hanem szimul\u00e1lja a sminket is, teljes vizu\u00e1lis \u00e1talak\u00edt\u00e1si \u00e9lm\u00e9nyt k\u00edn\u00e1lva.<\/p>\n\n\n\n<p>Az intuit\u00edv kezel\u0151fel\u00fclettel a <strong>YouCam smink<\/strong> Ide\u00e1lis azoknak, akik szeretn\u00e9nek <strong>v\u00e1ltoztasd meg megjelen\u00e9sed egy \u00faj szab\u00e1ssal<\/strong> vagy k\u00eds\u00e9rletezzen mer\u00e9sz hajsz\u00ednekkel. T\u00f6k\u00e9letes a v\u00e1ltoztat\u00e1sok tesztel\u00e9s\u00e9re azok v\u00e9grehajt\u00e1sa el\u0151tt.<\/p>\n\n\n\n<hr class=\"wp-block-separator has-alpha-channel-opacity\"\/>\n\n\n\n<h3 class=\"wp-block-heading\">Style My Hair<\/h3>\n\n\n\n<p>A <strong>Style My Hair<\/strong>, amelyet a L&#039;Or\u00e9al fejlesztett ki, egy <strong>alkalmaz\u00e1s a frizura megv\u00e1ltoztat\u00e1s\u00e1hoz<\/strong> amely egyes\u00edti a technol\u00f3gi\u00e1t \u00e9s a haj\u00e1pol\u00e1si szak\u00e9rtelmet. Sz\u00ednek \u00e9s v\u00e1g\u00e1si lehet\u0151s\u00e9gek sz\u00e9les v\u00e1laszt\u00e9k\u00e1t k\u00edn\u00e1lja, amelyeket kipr\u00f3b\u00e1lhat.<\/p>\n\n\n\n<p>Tov\u00e1bb\u00e1 a <strong>Style My Hair<\/strong> javaslatokat tartalmaz a hajt\u00edpusodnak megfelel\u0151 term\u00e9kekre, \u00edgy praktikus eszk\u00f6z azok sz\u00e1m\u00e1ra, akik a <strong>Hajv\u00e1g\u00e1s \u00e9s sz\u00edn szimul\u00e1tor<\/strong> megb\u00edzhat\u00f3.<\/p>\n\n\n\n<hr class=\"wp-block-separator has-alpha-channel-opacity\"\/>\n\n\n\n<h3 class=\"wp-block-heading\">Frizura Pr\u00f3b\u00e1lja ki<\/h3>\n\n\n\n<p>A <strong>Frizura Pr\u00f3b\u00e1lja ki<\/strong> az a <strong>ingyenes alkalmaz\u00e1s a frizur\u00e1k kipr\u00f3b\u00e1l\u00e1s\u00e1hoz<\/strong> amely st\u00edlusok hatalmas k\u00f6nyvt\u00e1r\u00e1t k\u00edn\u00e1lja a klasszikus szab\u00e1sokt\u00f3l a legmodernebbekig. Lehet\u0151v\u00e9 teszi a sz\u00ednek testreszab\u00e1s\u00e1t is a b\u0151rt\u00f3nusodhoz.<\/p>\n\n\n\n<p>Az egyszer\u0171 \u00e9s \u00e1ttekinthet\u0151 fel\u00fclettel a <strong>Frizura Pr\u00f3b\u00e1lja ki<\/strong> Ide\u00e1lis azoknak, akik szeretn\u00e9nek <strong>tesztelje a hajv\u00e1g\u00e1st a mobiltelefonj\u00e1n<\/strong> praktikus \u00e9s egyszer\u0171 m\u00f3don.<\/p>\n\n\n\n<hr class=\"wp-block-separator has-alpha-channel-opacity\"\/>\n\n\n\n<h3 class=\"wp-block-heading\">Fabby Look<\/h3>\n\n\n\n<p>A <strong>Fabby Look<\/strong> az a <strong>alkalmaz\u00e1s a hajsz\u00ednek szimul\u00e1l\u00e1s\u00e1ra<\/strong> amely a k\u00f6nny\u0171 kezelhet\u0151s\u00e9g\u00e9vel t\u0171nik ki. Interakt\u00edv \u00e9lm\u00e9nyt k\u00edn\u00e1l, lehet\u0151v\u00e9 t\u00e9ve, hogy a telefon kamer\u00e1j\u00e1val val\u00f3s id\u0151ben megn\u00e9zze, hogyan n\u00e9znek ki a k\u00fcl\u00f6nb\u00f6z\u0151 hajsz\u00ednek.<\/p>\n\n\n\n<p>Az \u00e9l\u00e9nk, modern sz\u00ednekre f\u00f3kusz\u00e1lva a <strong>Fabby Look<\/strong> T\u00f6k\u00e9letes mindenkinek, aki ki akarja pr\u00f3b\u00e1lni a mer\u00e9sz \u00e1rnyalatokat, miel\u0151tt elk\u00f6telezi mag\u00e1t a v\u00e1ltoz\u00e1s mellett.<\/p>\n\n\n\n<hr class=\"wp-block-separator has-alpha-channel-opacity\"\/>\n\n\n\n<figure class=\"wp-block-image size-full\"><img loading=\"lazy\" decoding=\"async\" width=\"800\" height=\"800\" src=\"https:\/\/appsminds.com\/wp-content\/uploads\/2025\/01\/0ba8918b-a46b-490a-b33b-dccfad21a8c2.jpg\" alt=\"\" class=\"wp-image-627\" srcset=\"https:\/\/appsminds.com\/wp-content\/uploads\/2025\/01\/0ba8918b-a46b-490a-b33b-dccfad21a8c2.jpg 800w, https:\/\/appsminds.com\/wp-content\/uploads\/2025\/01\/0ba8918b-a46b-490a-b33b-dccfad21a8c2-300x300.jpg 300w, https:\/\/appsminds.com\/wp-content\/uploads\/2025\/01\/0ba8918b-a46b-490a-b33b-dccfad21a8c2-150x150.jpg 150w, https:\/\/appsminds.com\/wp-content\/uploads\/2025\/01\/0ba8918b-a46b-490a-b33b-dccfad21a8c2-768x768.jpg 768w, https:\/\/appsminds.com\/wp-content\/uploads\/2025\/01\/0ba8918b-a46b-490a-b33b-dccfad21a8c2-12x12.jpg 12w, https:\/\/appsminds.com\/wp-content\/uploads\/2025\/01\/0ba8918b-a46b-490a-b33b-dccfad21a8c2-420x420.jpg 420w, https:\/\/appsminds.com\/wp-content\/uploads\/2025\/01\/0ba8918b-a46b-490a-b33b-dccfad21a8c2-696x696.jpg 696w\" sizes=\"auto, (max-width: 800px) 100vw, 800px\" \/><\/figure>\n\n\n\n<h2 class=\"wp-block-heading\">A hajalkalmaz\u00e1sok tov\u00e1bbi funkci\u00f3i<\/h2>\n\n\n\n<p>Te <strong>legjobb alkalmaz\u00e1sok a hajv\u00e1g\u00e1s kipr\u00f3b\u00e1l\u00e1s\u00e1hoz<\/strong> nem korl\u00e1toz\u00f3dnak a szimul\u00e1ci\u00f3ra. Sokan tov\u00e1bbi funkci\u00f3kat k\u00edn\u00e1lnak, amelyek m\u00e9g gazdagabb\u00e1 teszik az \u00e9lm\u00e9nyt, p\u00e9ld\u00e1ul:<\/p>\n\n\n\n<ul class=\"wp-block-list\">\n<li><strong>Szem\u00e9lyre szabott javaslatok:<\/strong> V\u00e1g\u00e1sok \u00e9s sz\u00ednek felt\u00fcntet\u00e9se az arc form\u00e1ja alapj\u00e1n.<\/li>\n\n\n\n<li><strong>Kiterjesztett val\u00f3s\u00e1g technol\u00f3gia:<\/strong> Val\u00f3s idej\u0171 vizu\u00e1lis tesztel\u00e9s.<\/li>\n\n\n\n<li><strong>K\u00f6z\u00f6ss\u00e9gi megoszt\u00e1s:<\/strong> Ossza meg v\u00e1laszt\u00e1s\u00e1t, hogy visszajelz\u00e9st kapjon az ismer\u0151seit\u0151l.<\/li>\n\n\n\n<li><strong>Term\u00e9kjavaslatok:<\/strong> Haj\u00e1pol\u00e1si tippek a v\u00e1lasztott st\u00edlus alapj\u00e1n.<\/li>\n\n\n\n<li><strong>Az arcform\u00e1k t\u00e1mogat\u00e1sa:<\/strong> Tal\u00e1lja meg az \u00d6nnek legmegfelel\u0151bb megjelen\u00e9st.<\/li>\n\n\n\n<li><strong>Android \u00e9s iOS kompatibilit\u00e1s:<\/strong> B\u00e1rmilyen eszk\u00f6z\u00f6n el\u00e9rheti az alkalmaz\u00e1sokat.<\/li>\n<\/ul>\n\n\n\n<p>Ezek a funkci\u00f3k biztos\u00edtj\u00e1k, hogy a <strong>alkalmaz\u00e1sok, amelyekkel \u00faj szab\u00e1ssal alak\u00edthatja ki megjelen\u00e9s\u00e9t<\/strong> egyszer\u0171 v\u00e1ltoztat\u00e1sokhoz \u00e9s teljes \u00e1talak\u00edt\u00e1sokhoz egyar\u00e1nt hasznosak.<\/p>\n\n\n\n<hr class=\"wp-block-separator has-alpha-channel-opacity\"\/>\n\n\n\n<h3 class=\"wp-block-heading\">GYIK \u2013 Gyakran ism\u00e9telt k\u00e9rd\u00e9sek a hajv\u00e1g\u00e1sokat \u00e9s -sz\u00edneket tesztel\u0151 alkalmaz\u00e1sokkal kapcsolatban<\/h3>\n\n\n\n<h3 class=\"wp-block-heading\">1. <strong>Ingyenesek a fodr\u00e1sztesztel\u0151 alkalmaz\u00e1sok?<\/strong><\/h3>\n\n\n\n<p>Igen, sok alkalmaz\u00e1s, mint pl <strong>Hair Zapp<\/strong> \u00e9s a <strong>Frizura Pr\u00f3b\u00e1lja ki<\/strong>, ingyenes verzi\u00f3kat k\u00edn\u00e1lnak alapvet\u0151 funkci\u00f3kkal. El\u0151fordulhat, hogy egyesek pr\u00e9mium funkci\u00f3kkal rendelkeznek el\u0151fizet\u00e9ssel vagy egyszeri v\u00e1s\u00e1rl\u00e1ssal.<\/p>\n\n\n\n<hr class=\"wp-block-separator has-alpha-channel-opacity\"\/>\n\n\n\n<h3 class=\"wp-block-heading\">2. <strong>Fel kell t\u00f6ltenem f\u00e9nyk\u00e9peket az alkalmaz\u00e1sok haszn\u00e1lat\u00e1hoz?<\/strong><\/h3>\n\n\n\n<p>Igen, a legt\u00f6bb <strong>Alkalmaz\u00e1sok a hajv\u00e1g\u00e1s tesztel\u00e9s\u00e9hez mobiltelefonj\u00e1n<\/strong> fel kell t\u00f6ltenie egy f\u00e9nyk\u00e9pet, hogy a st\u00edlusokat az arc\u00e1hoz igaz\u00edtsa. N\u00e9h\u00e1nyan, mint a <strong>YouCam smink<\/strong>, val\u00f3s idej\u0171 szimul\u00e1ci\u00f3kat is lehet\u0151v\u00e9 tesz a kamera haszn\u00e1lat\u00e1val.<\/p>\n\n\n\n<hr class=\"wp-block-separator has-alpha-channel-opacity\"\/>\n\n\n\n<h3 class=\"wp-block-heading\">3. <strong>Ezek az alkalmaz\u00e1sok megb\u00edzhat\u00f3ak a val\u00f3s eredm\u00e9nyek el\u0151rejelz\u00e9s\u00e9ben?<\/strong><\/h3>\n\n\n\n<p>B\u00e1r pontosak a szimul\u00e1ci\u00f3khoz, a <strong>Hajv\u00e1g\u00e1s \u00e9s sz\u00edn szimul\u00e1torok<\/strong> \u00fatmutat\u00f3ul szolg\u00e1ljanak. A t\u00e9nyleges eredm\u00e9nyek a haj szerkezet\u00e9t\u0151l \u00e9s a fodr\u00e1sz szak\u00e9rtelm\u00e9t\u0151l f\u00fcgg\u0151en v\u00e1ltozhatnak.<\/p>\n\n\n\n<hr class=\"wp-block-separator has-alpha-channel-opacity\"\/>\n\n\n\n<h3 class=\"wp-block-heading\">4. <strong>Az alkalmaz\u00e1sok tartalmaznak frizurajavaslatokat konkr\u00e9t esem\u00e9nyekhez?<\/strong><\/h3>\n\n\n\n<p>Igen, egyes alkalmaz\u00e1sok, mint pl <strong>Style My Hair<\/strong>frizurajavaslatokat k\u00edn\u00e1l k\u00fcl\u00f6nleges alkalmakra, p\u00e9ld\u00e1ul esk\u00fcv\u0151kre, bulikra vagy hivatalos esem\u00e9nyekre.<\/p>\n\n\n\n<hr class=\"wp-block-separator has-alpha-channel-opacity\"\/>\n\n\n\n<h3 class=\"wp-block-heading\">5. <strong>Lehets\u00e9ges az alkalmaz\u00e1sokban k\u00e9sz\u00fclt szimul\u00e1ci\u00f3k ment\u00e9se?<\/strong><\/h3>\n\n\n\n<p>Igen, a legt\u00f6bb <strong>legjobb alkalmaz\u00e1sok a hajv\u00e1g\u00e1s kipr\u00f3b\u00e1l\u00e1s\u00e1hoz<\/strong> lehet\u0151v\u00e9 teszi a szimul\u00e1ci\u00f3k ment\u00e9s\u00e9t vagy megoszt\u00e1s\u00e1t k\u00f6zvetlen\u00fcl a k\u00f6z\u00f6ss\u00e9gi h\u00e1l\u00f3zatokon vagy a bar\u00e1tokkal.<\/p>\n\n\n\n<hr class=\"wp-block-separator has-alpha-channel-opacity\"\/>\n\n\n\n<h3 class=\"wp-block-heading\">6. <strong>M\u0171k\u00f6dnek az alkalmaz\u00e1sok b\u00e1rmelyik mobiltelefonon?<\/strong><\/h3>\n\n\n\n<p>Igen, a <strong>alkalmaz\u00e1sokat, amelyekkel \u00faj szab\u00e1ssal v\u00e1ltoztathatja meg megjelen\u00e9s\u00e9t<\/strong> Androidra \u00e9s iOS-re \u00e9rhet\u0151k el, biztos\u00edtva a kompatibilit\u00e1st a legt\u00f6bb modern okostelefonnal.<\/p>\n\n\n\n<hr class=\"wp-block-separator has-alpha-channel-opacity\"\/>\n\n\n\n<h3 class=\"wp-block-heading\">7. <strong>Seg\u00edthetnek ezek az alkalmaz\u00e1sok a haj\u00e1pol\u00e1si term\u00e9kek kiv\u00e1laszt\u00e1s\u00e1ban?<\/strong><\/h3>\n\n\n\n<p>Igen, olyan alkalmaz\u00e1sok, mint <strong>Style My Hair<\/strong> tartalmazzon term\u00e9kjavaslatokat a hajt\u00edpus \u00e9s a v\u00e1lasztott st\u00edlus alapj\u00e1n, seg\u00edtve a haj\u00e1pol\u00e1st.<\/p>\n\n\n\n<hr class=\"wp-block-separator has-alpha-channel-opacity\"\/>\n\n\n\n<h3 class=\"wp-block-heading\">8. <strong>T\u00e1mogatj\u00e1k az alkalmaz\u00e1sok a g\u00f6nd\u00f6r vagy g\u00f6nd\u00f6r hajat?<\/strong><\/h3>\n\n\n\n<p>Igen, sokan <strong>alkalmaz\u00e1sok a hajv\u00e1g\u00e1s szimul\u00e1l\u00e1s\u00e1ra<\/strong> speci\u00e1lis lehet\u0151s\u00e9geket k\u00edn\u00e1l a g\u00f6nd\u00f6r \u00e9s g\u00f6nd\u00f6r hajhoz, \u00edgy szem\u00e9lyre szabottabb \u00e9lm\u00e9nyt ny\u00fajt.<\/p>\n\n\n\n<hr class=\"wp-block-separator has-alpha-channel-opacity\"\/>\n\n\n\n<h3 class=\"wp-block-heading\">9. <strong>Megoszthatom a szimul\u00e1ci\u00f3kat a bar\u00e1taimmal?<\/strong><\/h3>\n\n\n\n<p>Igen, a legt\u00f6bb alkalmaz\u00e1s rendelkezik megoszt\u00e1si funkci\u00f3kkal, amelyek lehet\u0151v\u00e9 teszik, hogy visszajelz\u00e9st kapjon az ismer\u0151seit\u0151l, miel\u0151tt az \u00e1talak\u00edt\u00e1s mellett d\u00f6ntene.<\/p>\n\n\n\n<hr class=\"wp-block-separator has-alpha-channel-opacity\"\/>\n\n\n\n<h3 class=\"wp-block-heading\">10. <strong>Melyek a legjobb alkalmaz\u00e1sok a hajv\u00e1ltoz\u00e1sok kipr\u00f3b\u00e1l\u00e1s\u00e1hoz?<\/strong><\/h3>\n\n\n\n<p>A legjobb alkalmaz\u00e1sok k\u00f6z\u00e9 tartozik <strong>YouCam smink<\/strong>, <strong>Hair Zapp<\/strong>, <strong>Style My Hair<\/strong>, <strong>Frizura Pr\u00f3b\u00e1lja ki<\/strong> \u00e9s <strong>Fabby Look<\/strong>, mindegyik egyedi jellemz\u0151kkel rendelkezik a k\u00fcl\u00f6nb\u00f6z\u0151 ig\u00e9nyekhez.<\/p>\n\n\n\n<p>Ezekkel a v\u00e1laszokkal minden sz\u00fcks\u00e9ges inform\u00e1ci\u00f3 birtok\u00e1ban lesz, hogy a legt\u00f6bbet hozhassa ki <strong>alkalmaz\u00e1sok a hajv\u00e1g\u00e1sok \u00e9s sz\u00ednek tesztel\u00e9s\u00e9re<\/strong> \u00e9s tal\u00e1ld meg a sz\u00e1modra t\u00f6k\u00e9letes st\u00edlust!<\/p>\n\n\n\n<hr class=\"wp-block-separator has-alpha-channel-opacity\"\/>\n\n\n\n<h2 class=\"wp-block-heading\">K\u00f6vetkeztet\u00e9s<\/h2>\n\n\n\n<p>Te <strong>Alkalmaz\u00e1sok a hajv\u00e1g\u00e1sok \u00e9s -sz\u00ednek tesztel\u00e9s\u00e9re<\/strong> n\u00e9lk\u00fcl\u00f6zhetetlen eszk\u00f6z\u00f6k azok sz\u00e1m\u00e1ra, akik \u00faj vizu\u00e1lis lehet\u0151s\u00e9geket szeretn\u00e9nek felfedezni. Olyan lehet\u0151s\u00e9gekkel, mint pl <strong>Hair Zapp<\/strong>, <strong>YouCam smink<\/strong> \u00e9s <strong>Style My Hair<\/strong>, k\u00eds\u00e9rletezhetsz a k\u00fcl\u00f6nb\u00f6z\u0151 st\u00edlusokkal, \u00e9s magabiztosabb d\u00f6nt\u00e9seket hozhatsz haj \u00e1talak\u00edt\u00e1sokkal kapcsolatban.<\/p>\n\n\n\n<p>V\u00e1lassza ki a <strong>legjobb alkalmaz\u00e1s a frizura megv\u00e1ltoztat\u00e1s\u00e1hoz<\/strong> amely megfelel az \u00d6n ig\u00e9nyeinek, \u00e9s kezdje el tesztelni lehet\u0151s\u00e9geit m\u00e9g ma. Ezekkel a szimul\u00e1torokkal a megjelen\u00e9s megv\u00e1ltoztat\u00e1sa m\u00e9g soha nem volt ilyen egyszer\u0171 \u00e9s sz\u00f3rakoztat\u00f3!<\/p>","protected":false},"excerpt":{"rendered":"<p>Aplicativos para testar cortes e cores de cabelos Mudar o visual \u00e9 sempre uma decis\u00e3o empolgante, mas tamb\u00e9m pode ser desafiador. Muitas pessoas t\u00eam d\u00favidas sobre como um novo corte ou cor ficar\u00e1 antes de se comprometerem com a mudan\u00e7a. Felizmente, existem melhores aplicativos para testar cortes de cabelo que ajudam a visualizar como ficaria [&hellip;]<\/p>\n","protected":false},"author":1,"featured_media":1763,"comment_status":"open","ping_status":"open","sticky":false,"template":"","format":"standard","meta":{"footnotes":""},"categories":[30],"tags":[],"class_list":{"0":"post-626","1":"post","2":"type-post","3":"status-publish","4":"format-standard","5":"has-post-thumbnail","7":"category-aplicativos"},"_links":{"self":[{"href":"https:\/\/appsminds.com\/hu\/wp-json\/wp\/v2\/posts\/626","targetHints":{"allow":["GET"]}}],"collection":[{"href":"https:\/\/appsminds.com\/hu\/wp-json\/wp\/v2\/posts"}],"about":[{"href":"https:\/\/appsminds.com\/hu\/wp-json\/wp\/v2\/types\/post"}],"author":[{"embeddable":true,"href":"https:\/\/appsminds.com\/hu\/wp-json\/wp\/v2\/users\/1"}],"replies":[{"embeddable":true,"href":"https:\/\/appsminds.com\/hu\/wp-json\/wp\/v2\/comments?post=626"}],"version-history":[{"count":1,"href":"https:\/\/appsminds.com\/hu\/wp-json\/wp\/v2\/posts\/626\/revisions"}],"predecessor-version":[{"id":628,"href":"https:\/\/appsminds.com\/hu\/wp-json\/wp\/v2\/posts\/626\/revisions\/628"}],"wp:featuredmedia":[{"embeddable":true,"href":"https:\/\/appsminds.com\/hu\/wp-json\/wp\/v2\/media\/1763"}],"wp:attachment":[{"href":"https:\/\/appsminds.com\/hu\/wp-json\/wp\/v2\/media?parent=626"}],"wp:term":[{"taxonomy":"category","embeddable":true,"href":"https:\/\/appsminds.com\/hu\/wp-json\/wp\/v2\/categories?post=626"},{"taxonomy":"post_tag","embeddable":true,"href":"https:\/\/appsminds.com\/hu\/wp-json\/wp\/v2\/tags?post=626"}],"curies":[{"name":"munkaf\u00fczet","href":"https:\/\/api.w.org\/{rel}","templated":true}]}}